{"id":228513,"date":"2026-03-18T16:25:58","date_gmt":"2026-03-18T15:25:58","guid":{"rendered":"http:\/\/www.vegalsa.es\/?p=228513"},"modified":"2026-06-03T12:03:25","modified_gmt":"2026-06-03T10:03:25","slug":"vegalsa-eroski-celebra-el-dia-del-padre-donando-productos-a-15-entidades-sociales-de-galicia-asturias-y-castilla-y-leon","status":"publish","type":"post","link":"https:\/\/www.vegalsa.es\/gl\/vegalsa-eroski-celebra-el-dia-del-padre-donando-productos-a-15-entidades-sociales-de-galicia-asturias-y-castilla-y-leon\/","title":{"rendered":"VEGALSA-EROSKI CELEBRA EL D\u00cdA DEL PADRE DONANDO PRODUCTOS A 15 ENTIDADES SOCIALES DE GALICIA, ASTURIAS Y CASTILLA Y LE\u00d3N"},"content":{"rendered":"\n<ul class=\"wp-block-list\">\n<li><strong>La compa\u00f1\u00eda gallega de distribuci\u00f3n alimentaria har\u00e1 entrega de 4.500 kilos de alimentos para la elaboraci\u00f3n de men\u00fas especiales que las asociaciones servir\u00e1n coincidiendo con esta festividad<\/strong><\/li>\n<\/ul>\n\n\n\n<p class=\"wp-block-paragraph\">La compa\u00f1\u00eda gallega de distribuci\u00f3n alimentaria Vegalsa-Eroski celebrar\u00e1 un a\u00f1o m\u00e1s el D\u00eda del Padre colaborando con 15 entidades ben\u00e9ficas de Galicia, Asturias y Castilla y Le\u00f3n. La empresa har\u00e1 entrega de aproximadamente 4.500 kilos de productos con los que se elaborar\u00e1n men\u00fas especiales que incluir\u00e1n gamb\u00f3n, donado a trav\u00e9s de la solidaridad de proveedores como Pescanova, cinta de lomo, fideos, puerros, patatas, zanahorias, cebollas, aceite de oliva y manzanas.<\/p>\n\n\n\n<p class=\"wp-block-paragraph\">Las diferentes asociaciones servir\u00e1n esta comida en sus locales o bien la entregar\u00e1n para llevar, atendiendo a los protocolos que tengan establecidos, coincidiendo con esta festividad. La Cocina Econ\u00f3mica de A Coru\u00f1a, Ferrol y Santiago; la residencia Cottolengo de Santiago; la Real Instituci\u00f3n Ben\u00e9fico Social Padre Rubinos de A Coru\u00f1a; la Asociaci\u00f3n Ciudadana de Lucha Contra la Droga (ACLAD) de A Coru\u00f1a; Sal de la Tierra de Vigo; Fundaci\u00f3n de la Santa Cruz, tambi\u00e9n de Vigo; el Hospital Asilo Nosa Se\u00f1ora dos Anxos de Ribadavia; la Asociaci\u00f3n Caridad Santiago Ap\u00f3stol de Cangas, el geri\u00e1trico Betania de Viveiro; las Cocinas Econ\u00f3micas de Oviedo y Gij\u00f3n; y la Asociaci\u00f3n Leonesa de Caridad (ASLECA) ser\u00e1n las entidades ben\u00e9ficas que recibir\u00e1n esta donaci\u00f3n solidaria.<\/p>\n\n\n\n<p class=\"wp-block-paragraph\">Desde Vegalsa-Eroski destacan que esta acci\u00f3n forma parte de su programa anual de donaciones de alimentos y se realiza con el objetivo de que todas las personas que lo necesiten puedan gozar de un men\u00fa especial en d\u00edas se\u00f1alados.<\/p>\n\n\n\n<p class=\"wp-block-paragraph\"><\/p>\n\n\n\n<p class=\"wp-block-paragraph\"><strong>Donaciones de comidas especiales<\/strong><\/p>\n\n\n\n<p class=\"wp-block-paragraph\">Vegalsa-Eroski contempla en su programa anual de donaciones cinco comidas especiales que coinciden con varias fechas importantes, como son el D\u00eda de Reyes, el D\u00eda del Padre, de la Madre, el D\u00eda del Ap\u00f3stol en Galicia y el D\u00eda de Todos los Santos. La compa\u00f1\u00eda gallega de distribuci\u00f3n alimentaria ampli\u00f3 su plan de donaciones especiales al Principado de Asturias, a trav\u00e9s de un convenio con las Cocinas Econ\u00f3micas de Oviedo y Gij\u00f3n, y a Castilla y Le\u00f3n, mediante una colaboraci\u00f3n con la Asociaci\u00f3n Leonesa de Caridad (ASLECA). En estos dos casos, el D\u00eda del Ap\u00f3stol se substituye por el D\u00eda de Asturias y el D\u00eda de Castilla y Le\u00f3n, respectivamente. Vegalsa-Eroski realiza adem\u00e1s donaciones mensuales a estas 15 entidades y este programa anual le ha permitido donar m\u00e1s de 600 toneladas de productos desde 2010.<\/p>\n\n\n\n<p class=\"wp-block-paragraph\"><\/p>\n\n\n\n<p class=\"wp-block-paragraph\"><strong>Sobre Vegalsa-Eroski<\/strong><\/p>\n\n\n\n<p class=\"wp-block-paragraph\">Vegalsa-Eroski cuenta en Galicia, Asturias y Castilla y Le\u00f3n con 291 establecimientos entre propios y franquiciados bajo las marcas comerciales hipermercados y gasolineras Eroski, Eroski Center, Autoservicios Familia, Cash Record, Eroski City, Aliprox y Eroski Rapid. Su estructura comercial se complementa con una moderna plataforma de mercanc\u00edas generales situada en Sig\u00fceiro, A Coru\u00f1a, dotada con tecnolog\u00edas log\u00edsticas de \u00faltima generaci\u00f3n, adem\u00e1s de las plataformas de productos frescos de A Coru\u00f1a y centros de redistribuci\u00f3n en Vigo y Ourense.&nbsp;<\/p>\n\n\n\n<p class=\"wp-block-paragraph\"><\/p>\n","protected":false},"excerpt":{"rendered":"<p>La compa\u00f1\u00eda gallega de distribuci\u00f3n alimentaria Vegalsa-Eroski celebrar\u00e1 un a\u00f1o m\u00e1s el D\u00eda del Padre colaborando con 15 entidades ben\u00e9ficas de Galicia, Asturias y Castilla y Le\u00f3n. La empresa har\u00e1 entrega de aproximadamente 4.500 kilos de productos con los que se elaborar\u00e1n men\u00fas especiales que incluir\u00e1n gamb\u00f3n, donado a trav\u00e9s de la solidaridad de proveedores [&hellip;]<\/p>\n","protected":false},"author":9,"featured_media":228514,"comment_status":"closed","ping_status":"open","sticky":false,"template":"","format":"standard","meta":{"_acf_changed":false,"footnotes":""},"categories":[19,12],"tags":[],"class_list":["post-228513","post","type-post","status-publish","format-standard","has-post-thumbnail","hentry","category-hemeroteca","category-solidaridad"],"acf":[],"yoast_head":"<!-- This site is optimized with the Yoast SEO plugin v28.3 - https:\/\/yoast.com\/product\/yoast-seo-wordpress\/ -->\n<title>VEGALSA-EROSKI CELEBRA EL D\u00cdA DEL PADRE DONANDO PRODUCTOS A 15 ENTIDADES SOCIALES DE GALICIA, ASTURIAS Y CASTILLA Y LE\u00d3N - Vegalsa Eroski<\/title>\n<meta name=\"robots\" content=\"index, follow, max-snippet:-1, max-image-preview:large, max-video-preview:-1\" \/>\n<link rel=\"canonical\" href=\"https:\/\/www.vegalsa.es\/gl\/vegalsa-eroski-celebra-el-dia-del-padre-donando-productos-a-15-entidades-sociales-de-galicia-asturias-y-castilla-y-leon\/\" \/>\n<meta property=\"og:locale\" content=\"gl_ES\" \/>\n<meta property=\"og:type\" content=\"article\" \/>\n<meta property=\"og:title\" content=\"VEGALSA-EROSKI CELEBRA EL D\u00cdA DEL PADRE DONANDO PRODUCTOS A 15 ENTIDADES SOCIALES DE GALICIA, ASTURIAS Y CASTILLA Y LE\u00d3N - Vegalsa Eroski\" \/>\n<meta property=\"og:description\" content=\"La compa\u00f1\u00eda gallega de distribuci\u00f3n alimentaria Vegalsa-Eroski celebrar\u00e1 un a\u00f1o m\u00e1s el D\u00eda del Padre colaborando con 15 entidades ben\u00e9ficas de Galicia, Asturias y Castilla y Le\u00f3n. La empresa har\u00e1 entrega de aproximadamente 4.500 kilos de productos con los que se elaborar\u00e1n men\u00fas especiales que incluir\u00e1n gamb\u00f3n, donado a trav\u00e9s de la solidaridad de proveedores [&hellip;]\" \/>\n<meta property=\"og:url\" content=\"https:\/\/www.vegalsa.es\/gl\/vegalsa-eroski-celebra-el-dia-del-padre-donando-productos-a-15-entidades-sociales-de-galicia-asturias-y-castilla-y-leon\/\" \/>\n<meta property=\"og:site_name\" content=\"Vegalsa Eroski\" \/>\n<meta property=\"article:publisher\" content=\"https:\/\/www.facebook.com\/vegalsaeroski\" \/>\n<meta property=\"article:published_time\" content=\"2026-03-18T15:25:58+00:00\" \/>\n<meta property=\"article:modified_time\" content=\"2026-06-03T10:03:25+00:00\" \/>\n<meta property=\"og:image\" content=\"https:\/\/www.vegalsa.es\/wp-content\/uploads\/2026\/06\/vegalsa-eroski-donacion-dia-del-padre-scaled.jpg\" \/>\n\t<meta property=\"og:image:width\" content=\"2560\" \/>\n\t<meta property=\"og:image:height\" content=\"1441\" \/>\n\t<meta property=\"og:image:type\" content=\"image\/jpeg\" \/>\n<meta name=\"author\" content=\"Externos Vegalsa\" \/>\n<meta name=\"twitter:card\" content=\"summary_large_image\" \/>\n<meta name=\"twitter:label1\" content=\"Escrito por\" \/>\n\t<meta name=\"twitter:data1\" content=\"Externos Vegalsa\" \/>\n\t<meta name=\"twitter:label2\" content=\"Tempo de lectura\" \/>\n\t<meta name=\"twitter:data2\" content=\"3 minutos\" \/>\n<script type=\"application\/ld+json\" class=\"yoast-schema-graph\">{\"@context\":\"https:\\\/\\\/schema.org\",\"@graph\":[{\"@type\":\"Article\",\"@id\":\"https:\\\/\\\/www.vegalsa.es\\\/gl\\\/vegalsa-eroski-celebra-el-dia-del-padre-donando-productos-a-15-entidades-sociales-de-galicia-asturias-y-castilla-y-leon\\\/#article\",\"isPartOf\":{\"@id\":\"https:\\\/\\\/www.vegalsa.es\\\/gl\\\/vegalsa-eroski-celebra-el-dia-del-padre-donando-productos-a-15-entidades-sociales-de-galicia-asturias-y-castilla-y-leon\\\/\"},\"author\":{\"name\":\"Externos Vegalsa\",\"@id\":\"https:\\\/\\\/www.vegalsa.es\\\/gl\\\/#\\\/schema\\\/person\\\/07a6cfce9ac8f8cf8dc47c83122a9de2\"},\"headline\":\"VEGALSA-EROSKI CELEBRA EL D\u00cdA DEL PADRE DONANDO PRODUCTOS A 15 ENTIDADES SOCIALES DE GALICIA, ASTURIAS Y CASTILLA Y LE\u00d3N\",\"datePublished\":\"2026-03-18T15:25:58+00:00\",\"dateModified\":\"2026-06-03T10:03:25+00:00\",\"mainEntityOfPage\":{\"@id\":\"https:\\\/\\\/www.vegalsa.es\\\/gl\\\/vegalsa-eroski-celebra-el-dia-del-padre-donando-productos-a-15-entidades-sociales-de-galicia-asturias-y-castilla-y-leon\\\/\"},\"wordCount\":561,\"publisher\":{\"@id\":\"https:\\\/\\\/www.vegalsa.es\\\/gl\\\/#organization\"},\"image\":{\"@id\":\"https:\\\/\\\/www.vegalsa.es\\\/gl\\\/vegalsa-eroski-celebra-el-dia-del-padre-donando-productos-a-15-entidades-sociales-de-galicia-asturias-y-castilla-y-leon\\\/#primaryimage\"},\"thumbnailUrl\":\"https:\\\/\\\/www.vegalsa.es\\\/wp-content\\\/uploads\\\/2026\\\/06\\\/vegalsa-eroski-donacion-dia-del-padre-scaled.jpg\",\"articleSection\":[\"Hemeroteca\",\"Solidaridad\"],\"inLanguage\":\"gl-ES\"},{\"@type\":\"WebPage\",\"@id\":\"https:\\\/\\\/www.vegalsa.es\\\/gl\\\/vegalsa-eroski-celebra-el-dia-del-padre-donando-productos-a-15-entidades-sociales-de-galicia-asturias-y-castilla-y-leon\\\/\",\"url\":\"https:\\\/\\\/www.vegalsa.es\\\/gl\\\/vegalsa-eroski-celebra-el-dia-del-padre-donando-productos-a-15-entidades-sociales-de-galicia-asturias-y-castilla-y-leon\\\/\",\"name\":\"VEGALSA-EROSKI CELEBRA EL D\u00cdA DEL PADRE DONANDO PRODUCTOS A 15 ENTIDADES SOCIALES DE GALICIA, ASTURIAS Y CASTILLA Y LE\u00d3N - Vegalsa Eroski\",\"isPartOf\":{\"@id\":\"https:\\\/\\\/www.vegalsa.es\\\/gl\\\/#website\"},\"primaryImageOfPage\":{\"@id\":\"https:\\\/\\\/www.vegalsa.es\\\/gl\\\/vegalsa-eroski-celebra-el-dia-del-padre-donando-productos-a-15-entidades-sociales-de-galicia-asturias-y-castilla-y-leon\\\/#primaryimage\"},\"image\":{\"@id\":\"https:\\\/\\\/www.vegalsa.es\\\/gl\\\/vegalsa-eroski-celebra-el-dia-del-padre-donando-productos-a-15-entidades-sociales-de-galicia-asturias-y-castilla-y-leon\\\/#primaryimage\"},\"thumbnailUrl\":\"https:\\\/\\\/www.vegalsa.es\\\/wp-content\\\/uploads\\\/2026\\\/06\\\/vegalsa-eroski-donacion-dia-del-padre-scaled.jpg\",\"datePublished\":\"2026-03-18T15:25:58+00:00\",\"dateModified\":\"2026-06-03T10:03:25+00:00\",\"breadcrumb\":{\"@id\":\"https:\\\/\\\/www.vegalsa.es\\\/gl\\\/vegalsa-eroski-celebra-el-dia-del-padre-donando-productos-a-15-entidades-sociales-de-galicia-asturias-y-castilla-y-leon\\\/#breadcrumb\"},\"inLanguage\":\"gl-ES\",\"potentialAction\":[{\"@type\":\"ReadAction\",\"target\":[\"https:\\\/\\\/www.vegalsa.es\\\/gl\\\/vegalsa-eroski-celebra-el-dia-del-padre-donando-productos-a-15-entidades-sociales-de-galicia-asturias-y-castilla-y-leon\\\/\"]}]},{\"@type\":\"ImageObject\",\"inLanguage\":\"gl-ES\",\"@id\":\"https:\\\/\\\/www.vegalsa.es\\\/gl\\\/vegalsa-eroski-celebra-el-dia-del-padre-donando-productos-a-15-entidades-sociales-de-galicia-asturias-y-castilla-y-leon\\\/#primaryimage\",\"url\":\"https:\\\/\\\/www.vegalsa.es\\\/wp-content\\\/uploads\\\/2026\\\/06\\\/vegalsa-eroski-donacion-dia-del-padre-scaled.jpg\",\"contentUrl\":\"https:\\\/\\\/www.vegalsa.es\\\/wp-content\\\/uploads\\\/2026\\\/06\\\/vegalsa-eroski-donacion-dia-del-padre-scaled.jpg\",\"width\":2560,\"height\":1441},{\"@type\":\"BreadcrumbList\",\"@id\":\"https:\\\/\\\/www.vegalsa.es\\\/gl\\\/vegalsa-eroski-celebra-el-dia-del-padre-donando-productos-a-15-entidades-sociales-de-galicia-asturias-y-castilla-y-leon\\\/#breadcrumb\",\"itemListElement\":[{\"@type\":\"ListItem\",\"position\":1,\"name\":\"Inicio\",\"item\":\"https:\\\/\\\/www.vegalsa.es\\\/gl\\\/\"},{\"@type\":\"ListItem\",\"position\":2,\"name\":\"Solidariedade\",\"item\":\"https:\\\/\\\/www.vegalsa.es\\\/gl\\\/actualidad\\\/solidariedade\\\/\"},{\"@type\":\"ListItem\",\"position\":3,\"name\":\"VEGALSA-EROSKI CELEBRA EL D\u00cdA DEL PADRE DONANDO PRODUCTOS A 15 ENTIDADES SOCIALES DE GALICIA, ASTURIAS Y CASTILLA Y LE\u00d3N\"}]},{\"@type\":\"WebSite\",\"@id\":\"https:\\\/\\\/www.vegalsa.es\\\/gl\\\/#website\",\"url\":\"https:\\\/\\\/www.vegalsa.es\\\/gl\\\/\",\"name\":\"Vegalsa Eroski\",\"description\":\"Compa\u00f1\u00eda gallega de distribuci\u00f3n alimentaria, con m\u00e1s de 280 establecimientos bajo las ense\u00f1as Eroski, Familia y Cash Record en Galicia, Asturias y Castilla y Le\u00f3n.\",\"publisher\":{\"@id\":\"https:\\\/\\\/www.vegalsa.es\\\/gl\\\/#organization\"},\"potentialAction\":[{\"@type\":\"SearchAction\",\"target\":{\"@type\":\"EntryPoint\",\"urlTemplate\":\"https:\\\/\\\/www.vegalsa.es\\\/gl\\\/?s={search_term_string}\"},\"query-input\":{\"@type\":\"PropertyValueSpecification\",\"valueRequired\":true,\"valueName\":\"search_term_string\"}}],\"inLanguage\":\"gl-ES\"},{\"@type\":\"Organization\",\"@id\":\"https:\\\/\\\/www.vegalsa.es\\\/gl\\\/#organization\",\"name\":\"Vegalsa Eroski\",\"url\":\"https:\\\/\\\/www.vegalsa.es\\\/gl\\\/\",\"logo\":{\"@type\":\"ImageObject\",\"inLanguage\":\"gl-ES\",\"@id\":\"https:\\\/\\\/www.vegalsa.es\\\/gl\\\/#\\\/schema\\\/logo\\\/image\\\/\",\"url\":\"https:\\\/\\\/www.vegalsa.es\\\/wp-content\\\/uploads\\\/2025\\\/12\\\/logo-vegalsa-color_web.svg\",\"contentUrl\":\"https:\\\/\\\/www.vegalsa.es\\\/wp-content\\\/uploads\\\/2025\\\/12\\\/logo-vegalsa-color_web.svg\",\"width\":1,\"height\":1,\"caption\":\"Vegalsa Eroski\"},\"image\":{\"@id\":\"https:\\\/\\\/www.vegalsa.es\\\/gl\\\/#\\\/schema\\\/logo\\\/image\\\/\"},\"sameAs\":[\"https:\\\/\\\/www.facebook.com\\\/vegalsaeroski\",\"https:\\\/\\\/www.instagram.com\\\/vegalsa_eroski\",\"https:\\\/\\\/www.linkedin.com\\\/company\\\/vegalsa\\\/\",\"https:\\\/\\\/www.youtube.com\\\/@vegalsa-eroski\"]},{\"@type\":\"Person\",\"@id\":\"https:\\\/\\\/www.vegalsa.es\\\/gl\\\/#\\\/schema\\\/person\\\/07a6cfce9ac8f8cf8dc47c83122a9de2\",\"name\":\"Externos Vegalsa\",\"image\":{\"@type\":\"ImageObject\",\"inLanguage\":\"gl-ES\",\"@id\":\"https:\\\/\\\/secure.gravatar.com\\\/avatar\\\/96b954dd53f3ac0020dad0feccacb7e07df736992c464db4d42ea3ed042dac81?s=96&d=mm&r=g\",\"url\":\"https:\\\/\\\/secure.gravatar.com\\\/avatar\\\/96b954dd53f3ac0020dad0feccacb7e07df736992c464db4d42ea3ed042dac81?s=96&d=mm&r=g\",\"contentUrl\":\"https:\\\/\\\/secure.gravatar.com\\\/avatar\\\/96b954dd53f3ac0020dad0feccacb7e07df736992c464db4d42ea3ed042dac81?s=96&d=mm&r=g\",\"caption\":\"Externos Vegalsa\"},\"sameAs\":[\"https:\\\/\\\/www.vegalsa.es\"],\"url\":\"https:\\\/\\\/www.vegalsa.es\\\/gl\\\/author\\\/externos\\\/\"}]}<\/script>\n<!-- \/ Yoast SEO plugin. -->","yoast_head_json":{"title":"VEGALSA-EROSKI CELEBRA EL D\u00cdA DEL PADRE DONANDO PRODUCTOS A 15 ENTIDADES SOCIALES DE GALICIA, ASTURIAS Y CASTILLA Y LE\u00d3N - Vegalsa Eroski","robots":{"index":"index","follow":"follow","max-snippet":"max-snippet:-1","max-image-preview":"max-image-preview:large","max-video-preview":"max-video-preview:-1"},"canonical":"https:\/\/www.vegalsa.es\/gl\/vegalsa-eroski-celebra-el-dia-del-padre-donando-productos-a-15-entidades-sociales-de-galicia-asturias-y-castilla-y-leon\/","og_locale":"gl_ES","og_type":"article","og_title":"VEGALSA-EROSKI CELEBRA EL D\u00cdA DEL PADRE DONANDO PRODUCTOS A 15 ENTIDADES SOCIALES DE GALICIA, ASTURIAS Y CASTILLA Y LE\u00d3N - Vegalsa Eroski","og_description":"La compa\u00f1\u00eda gallega de distribuci\u00f3n alimentaria Vegalsa-Eroski celebrar\u00e1 un a\u00f1o m\u00e1s el D\u00eda del Padre colaborando con 15 entidades ben\u00e9ficas de Galicia, Asturias y Castilla y Le\u00f3n. La empresa har\u00e1 entrega de aproximadamente 4.500 kilos de productos con los que se elaborar\u00e1n men\u00fas especiales que incluir\u00e1n gamb\u00f3n, donado a trav\u00e9s de la solidaridad de proveedores [&hellip;]","og_url":"https:\/\/www.vegalsa.es\/gl\/vegalsa-eroski-celebra-el-dia-del-padre-donando-productos-a-15-entidades-sociales-de-galicia-asturias-y-castilla-y-leon\/","og_site_name":"Vegalsa Eroski","article_publisher":"https:\/\/www.facebook.com\/vegalsaeroski","article_published_time":"2026-03-18T15:25:58+00:00","article_modified_time":"2026-06-03T10:03:25+00:00","og_image":[{"width":2560,"height":1441,"url":"https:\/\/www.vegalsa.es\/wp-content\/uploads\/2026\/06\/vegalsa-eroski-donacion-dia-del-padre-scaled.jpg","type":"image\/jpeg"}],"author":"Externos Vegalsa","twitter_card":"summary_large_image","twitter_misc":{"Escrito por":"Externos Vegalsa","Tempo de lectura":"3 minutos"},"schema":{"@context":"https:\/\/schema.org","@graph":[{"@type":"Article","@id":"https:\/\/www.vegalsa.es\/gl\/vegalsa-eroski-celebra-el-dia-del-padre-donando-productos-a-15-entidades-sociales-de-galicia-asturias-y-castilla-y-leon\/#article","isPartOf":{"@id":"https:\/\/www.vegalsa.es\/gl\/vegalsa-eroski-celebra-el-dia-del-padre-donando-productos-a-15-entidades-sociales-de-galicia-asturias-y-castilla-y-leon\/"},"author":{"name":"Externos Vegalsa","@id":"https:\/\/www.vegalsa.es\/gl\/#\/schema\/person\/07a6cfce9ac8f8cf8dc47c83122a9de2"},"headline":"VEGALSA-EROSKI CELEBRA EL D\u00cdA DEL PADRE DONANDO PRODUCTOS A 15 ENTIDADES SOCIALES DE GALICIA, ASTURIAS Y CASTILLA Y LE\u00d3N","datePublished":"2026-03-18T15:25:58+00:00","dateModified":"2026-06-03T10:03:25+00:00","mainEntityOfPage":{"@id":"https:\/\/www.vegalsa.es\/gl\/vegalsa-eroski-celebra-el-dia-del-padre-donando-productos-a-15-entidades-sociales-de-galicia-asturias-y-castilla-y-leon\/"},"wordCount":561,"publisher":{"@id":"https:\/\/www.vegalsa.es\/gl\/#organization"},"image":{"@id":"https:\/\/www.vegalsa.es\/gl\/vegalsa-eroski-celebra-el-dia-del-padre-donando-productos-a-15-entidades-sociales-de-galicia-asturias-y-castilla-y-leon\/#primaryimage"},"thumbnailUrl":"https:\/\/www.vegalsa.es\/wp-content\/uploads\/2026\/06\/vegalsa-eroski-donacion-dia-del-padre-scaled.jpg","articleSection":["Hemeroteca","Solidaridad"],"inLanguage":"gl-ES"},{"@type":"WebPage","@id":"https:\/\/www.vegalsa.es\/gl\/vegalsa-eroski-celebra-el-dia-del-padre-donando-productos-a-15-entidades-sociales-de-galicia-asturias-y-castilla-y-leon\/","url":"https:\/\/www.vegalsa.es\/gl\/vegalsa-eroski-celebra-el-dia-del-padre-donando-productos-a-15-entidades-sociales-de-galicia-asturias-y-castilla-y-leon\/","name":"VEGALSA-EROSKI CELEBRA EL D\u00cdA DEL PADRE DONANDO PRODUCTOS A 15 ENTIDADES SOCIALES DE GALICIA, ASTURIAS Y CASTILLA Y LE\u00d3N - Vegalsa Eroski","isPartOf":{"@id":"https:\/\/www.vegalsa.es\/gl\/#website"},"primaryImageOfPage":{"@id":"https:\/\/www.vegalsa.es\/gl\/vegalsa-eroski-celebra-el-dia-del-padre-donando-productos-a-15-entidades-sociales-de-galicia-asturias-y-castilla-y-leon\/#primaryimage"},"image":{"@id":"https:\/\/www.vegalsa.es\/gl\/vegalsa-eroski-celebra-el-dia-del-padre-donando-productos-a-15-entidades-sociales-de-galicia-asturias-y-castilla-y-leon\/#primaryimage"},"thumbnailUrl":"https:\/\/www.vegalsa.es\/wp-content\/uploads\/2026\/06\/vegalsa-eroski-donacion-dia-del-padre-scaled.jpg","datePublished":"2026-03-18T15:25:58+00:00","dateModified":"2026-06-03T10:03:25+00:00","breadcrumb":{"@id":"https:\/\/www.vegalsa.es\/gl\/vegalsa-eroski-celebra-el-dia-del-padre-donando-productos-a-15-entidades-sociales-de-galicia-asturias-y-castilla-y-leon\/#breadcrumb"},"inLanguage":"gl-ES","potentialAction":[{"@type":"ReadAction","target":["https:\/\/www.vegalsa.es\/gl\/vegalsa-eroski-celebra-el-dia-del-padre-donando-productos-a-15-entidades-sociales-de-galicia-asturias-y-castilla-y-leon\/"]}]},{"@type":"ImageObject","inLanguage":"gl-ES","@id":"https:\/\/www.vegalsa.es\/gl\/vegalsa-eroski-celebra-el-dia-del-padre-donando-productos-a-15-entidades-sociales-de-galicia-asturias-y-castilla-y-leon\/#primaryimage","url":"https:\/\/www.vegalsa.es\/wp-content\/uploads\/2026\/06\/vegalsa-eroski-donacion-dia-del-padre-scaled.jpg","contentUrl":"https:\/\/www.vegalsa.es\/wp-content\/uploads\/2026\/06\/vegalsa-eroski-donacion-dia-del-padre-scaled.jpg","width":2560,"height":1441},{"@type":"BreadcrumbList","@id":"https:\/\/www.vegalsa.es\/gl\/vegalsa-eroski-celebra-el-dia-del-padre-donando-productos-a-15-entidades-sociales-de-galicia-asturias-y-castilla-y-leon\/#breadcrumb","itemListElement":[{"@type":"ListItem","position":1,"name":"Inicio","item":"https:\/\/www.vegalsa.es\/gl\/"},{"@type":"ListItem","position":2,"name":"Solidariedade","item":"https:\/\/www.vegalsa.es\/gl\/actualidad\/solidariedade\/"},{"@type":"ListItem","position":3,"name":"VEGALSA-EROSKI CELEBRA EL D\u00cdA DEL PADRE DONANDO PRODUCTOS A 15 ENTIDADES SOCIALES DE GALICIA, ASTURIAS Y CASTILLA Y LE\u00d3N"}]},{"@type":"WebSite","@id":"https:\/\/www.vegalsa.es\/gl\/#website","url":"https:\/\/www.vegalsa.es\/gl\/","name":"Vegalsa Eroski","description":"Compa\u00f1\u00eda gallega de distribuci\u00f3n alimentaria, con m\u00e1s de 280 establecimientos bajo las ense\u00f1as Eroski, Familia y Cash Record en Galicia, Asturias y Castilla y Le\u00f3n.","publisher":{"@id":"https:\/\/www.vegalsa.es\/gl\/#organization"},"potentialAction":[{"@type":"SearchAction","target":{"@type":"EntryPoint","urlTemplate":"https:\/\/www.vegalsa.es\/gl\/?s={search_term_string}"},"query-input":{"@type":"PropertyValueSpecification","valueRequired":true,"valueName":"search_term_string"}}],"inLanguage":"gl-ES"},{"@type":"Organization","@id":"https:\/\/www.vegalsa.es\/gl\/#organization","name":"Vegalsa Eroski","url":"https:\/\/www.vegalsa.es\/gl\/","logo":{"@type":"ImageObject","inLanguage":"gl-ES","@id":"https:\/\/www.vegalsa.es\/gl\/#\/schema\/logo\/image\/","url":"https:\/\/www.vegalsa.es\/wp-content\/uploads\/2025\/12\/logo-vegalsa-color_web.svg","contentUrl":"https:\/\/www.vegalsa.es\/wp-content\/uploads\/2025\/12\/logo-vegalsa-color_web.svg","width":1,"height":1,"caption":"Vegalsa Eroski"},"image":{"@id":"https:\/\/www.vegalsa.es\/gl\/#\/schema\/logo\/image\/"},"sameAs":["https:\/\/www.facebook.com\/vegalsaeroski","https:\/\/www.instagram.com\/vegalsa_eroski","https:\/\/www.linkedin.com\/company\/vegalsa\/","https:\/\/www.youtube.com\/@vegalsa-eroski"]},{"@type":"Person","@id":"https:\/\/www.vegalsa.es\/gl\/#\/schema\/person\/07a6cfce9ac8f8cf8dc47c83122a9de2","name":"Externos Vegalsa","image":{"@type":"ImageObject","inLanguage":"gl-ES","@id":"https:\/\/secure.gravatar.com\/avatar\/96b954dd53f3ac0020dad0feccacb7e07df736992c464db4d42ea3ed042dac81?s=96&d=mm&r=g","url":"https:\/\/secure.gravatar.com\/avatar\/96b954dd53f3ac0020dad0feccacb7e07df736992c464db4d42ea3ed042dac81?s=96&d=mm&r=g","contentUrl":"https:\/\/secure.gravatar.com\/avatar\/96b954dd53f3ac0020dad0feccacb7e07df736992c464db4d42ea3ed042dac81?s=96&d=mm&r=g","caption":"Externos Vegalsa"},"sameAs":["https:\/\/www.vegalsa.es"],"url":"https:\/\/www.vegalsa.es\/gl\/author\/externos\/"}]}},"_links":{"self":[{"href":"https:\/\/www.vegalsa.es\/gl\/wp-json\/wp\/v2\/posts\/228513","targetHints":{"allow":["GET"]}}],"collection":[{"href":"https:\/\/www.vegalsa.es\/gl\/wp-json\/wp\/v2\/posts"}],"about":[{"href":"https:\/\/www.vegalsa.es\/gl\/wp-json\/wp\/v2\/types\/post"}],"author":[{"embeddable":true,"href":"https:\/\/www.vegalsa.es\/gl\/wp-json\/wp\/v2\/users\/9"}],"replies":[{"embeddable":true,"href":"https:\/\/www.vegalsa.es\/gl\/wp-json\/wp\/v2\/comments?post=228513"}],"version-history":[{"count":1,"href":"https:\/\/www.vegalsa.es\/gl\/wp-json\/wp\/v2\/posts\/228513\/revisions"}],"predecessor-version":[{"id":228515,"href":"https:\/\/www.vegalsa.es\/gl\/wp-json\/wp\/v2\/posts\/228513\/revisions\/228515"}],"wp:featuredmedia":[{"embeddable":true,"href":"https:\/\/www.vegalsa.es\/gl\/wp-json\/wp\/v2\/media\/228514"}],"wp:attachment":[{"href":"https:\/\/www.vegalsa.es\/gl\/wp-json\/wp\/v2\/media?parent=228513"}],"wp:term":[{"taxonomy":"category","embeddable":true,"href":"https:\/\/www.vegalsa.es\/gl\/wp-json\/wp\/v2\/categories?post=228513"},{"taxonomy":"post_tag","embeddable":true,"href":"https:\/\/www.vegalsa.es\/gl\/wp-json\/wp\/v2\/tags?post=228513"}],"curies":[{"name":"wp","href":"https:\/\/api.w.org\/{rel}","templated":true}]}}