{"id":225174,"date":"2025-07-17T09:52:00","date_gmt":"2025-07-17T07:52:00","guid":{"rendered":"http:\/\/www.vegalsa.es\/?p=225174"},"modified":"2026-05-08T12:20:36","modified_gmt":"2026-05-08T10:20:36","slug":"vegalsa-eroski-promove-a-alimentacion-galega-na-sua-rede-comercial","status":"publish","type":"post","link":"https:\/\/www.vegalsa.es\/gl\/vegalsa-eroski-promove-a-alimentacion-galega-na-sua-rede-comercial\/","title":{"rendered":"Vegalsa-Eroski promove a alimentaci\u00f3n galega na s\u00faa rede comercial"},"content":{"rendered":"\n<h2 class=\"wp-block-heading\">A compa\u00f1\u00eda de distribuci\u00f3n alimentaria presenta no hipermercado Eroski de Nigr\u00e1n unha campa\u00f1a de promoci\u00f3n de produtos galegos co apoio de 100 provedores locais. M\u00e1is de 300 referencias contar\u00e1n con descontos especiais ata o pr\u00f3ximo 29 de xullo en todos os establecementos Eroski de Galicia. No evento, tam\u00e9n presentou a s\u00faa campa\u00f1a de posta en valor dos provedores afincados no rural \u201cViaxes aqu\u00ed ao lado\u201d. En 2024, a empresa destinou 566 mill\u00f3ns de euros a adquirir produtos de proximidade, unha cifra que representa xa o 40% das s\u00faas compras totais.<\/h2>\n\n\n\n<p class=\"wp-block-paragraph\">Representantes dun centenar de provedores locais de Vegalsa-Eroski d\u00e9ronse cita hoxe no hipermercado Eroski de Nigr\u00e1n para apoiar o arranque da nova campa\u00f1a de promoci\u00f3n de produtos de orixe galego impulsada pola compa\u00f1\u00eda de distribuci\u00f3n alimentaria, que permanecer\u00e1 activa en toda a s\u00faa rede comercial de establecementos Eroski de Galicia desde hoxe e ata o pr\u00f3ximo 29 de xullo, baixo o lema \u201c\u00c9 bo que sexa de aqu\u00ed\u201d.<\/p>\n\n\n\n<p class=\"wp-block-paragraph\">O acto de presentaci\u00f3n contou coa participaci\u00f3n do alcalde de Nigr\u00e1n, Juan Gonz\u00e1lez; o director xeral de Pesca, Acuicultura e Innovaci\u00f3n da Xunta de Galicia, C\u00e1ndido Rial e o director da Axencia Galega de Calidade Alimentaria da Xunta de Galicia, Mart\u00edn Alemparte. Por parte de Vegalsa-Eroski, intervi\u00f1eron o director de Compras, Jorge Eiroa, e o director de hipermercados, supermercados e gasolineras Eroski, Florentino V\u00e1zquez. Durante a xornada, tanto asistentes como clientes puideron degustar alg\u00fans dos produtos inclu\u00eddos na iniciativa da man de Anfaco, Coren, Pazo de P\u00edas, Ternera Gallega, Mari\u00f1eiras, Biscuits Galicia, Casa Grande de Xanceda, Hijos de Rivera, Mart\u00edn C\u00f3dax -ademais doutros produtos amparados baixo o distintivo Galicia Calidade-, a trav\u00e9s dos postos repartidos polo hipermercado.<\/p>\n\n\n\n<p class=\"wp-block-paragraph\">\u201cSempre estaremos ao lado dos produtores, para que os seus proxectos medren \u00e1 vez que o noso. Deste xeito, contribu\u00edmos desde os nosos lineais a impulsar a competitividade das empresas galegas nas comunidades nas que temos presenza \u00e1 vez que damos resposta \u00e1s necesidades dos nosos clientes, cada vez m\u00e1is comprometidos cun consumo responsable a trav\u00e9s da adquisici\u00f3n de produtos de proximidade e tempada\u201d, destacou o director de Compras de Vegalsa-Eroski, Jorge Eiroa, na s\u00faa intervenci\u00f3n. M\u00e1is de 300 produtos galegos permanecer\u00e1n en promoci\u00f3n os pr\u00f3ximos d\u00edas, ademais de contar con sinais especiais en tenda e nos folletos comerciais.<\/p>\n\n\n\n<h3 class=\"wp-block-heading\"><strong>\u201cViaxes aqu\u00ed ao lado\u201d, historias que constr\u00faen pa\u00eds<\/strong><\/h3>\n\n\n\n<p class=\"wp-block-paragraph\">Durante o acto desta ma\u00f1\u00e1, a compa\u00f1\u00eda presentou tam\u00e9n a s\u00faa nova iniciativa\u00a0<a href=\"https:\/\/viaxesaquiaolado.gal\/home\"><strong>\u201cViaxes aqu\u00ed ao lado\u201d<\/strong>,<\/a>\u00a0un proxecto dixital co que Vegalsa-Eroski busca dar visibilidade \u00e1s historias que est\u00e1n detr\u00e1s dos produtos que abastecen os seus lineais, concretamente aquelas que se desenvolven no rural.<\/p>\n\n\n\n<p class=\"wp-block-paragraph\">Nesta primeira edici\u00f3n daranse a co\u00f1ecer as historias de\u00a0<strong>Ana (gandeira en Oza-Cesuras), \u00c1lex (l\u00e1cteos Kalekoi), Nuria (ovos camperos Pazo de Vilane), El\u00edas (mel Apia Natura) e Jos\u00e9 (L\u00e1cteos Terra de Melide).<\/strong>\u00a0Cinco pezas de v\u00eddeo nas que se conta en primeira persoa por que decidiron emprender no rural. Todas elas estar\u00e1n dispo\u00f1ibles na web\u00a0<a href=\"https:\/\/viaxesaquiaolado.gal\/home\"><strong>viaxesaquiaolado.gal\/<\/strong><\/a>\u00a0e proximamente tam\u00e9n nas redes sociais da compa\u00f1\u00eda. \u201cEn Vegalsa-Eroski pensamos que cando se trata de buscar produtores, canto m\u00e1is preto mellor. Porque mercando local, impulsamos a econom\u00eda da nosa contorna, fomentamos un consumo m\u00e1is sostible e apoiamos os proxectos de moitos galegos e galegas que est\u00e1n a revitalizar o noso rural\u201d, indicou o director de Compras de Vegalsa-Eroski, Jorge Eiroa.<\/p>\n\n\n\n<h3 class=\"wp-block-heading\"><strong>Comprometidos coa produci\u00f3n local<\/strong><\/h3>\n\n\n\n<p class=\"wp-block-paragraph\">Vegalsa-Eroski contin\u00faa reforzando cada ano o seu compromiso cos provedores locais a trav\u00e9s do aumento do seu investimento en compras de proximidade. En 2024, destinou 566 mill\u00f3ns de euros a adquirir estes produtos, unha cifra que representa xa o 40% das s\u00faas compras, mentres que no que leva de exercicio (de febreiro a xu\u00f1o deste ano), a compa\u00f1\u00eda realizou compras locais por valor de case 225 mill\u00f3ns, cinco mill\u00f3ns m\u00e1is que no mesmo per\u00edodo do ano pasado.<\/p>\n\n\n\n<p class=\"wp-block-paragraph\">Durante 2024, a compa\u00f1\u00eda colaborou con preto de 900 produtores locais, dos cales o 80% son galegos. Por categor\u00edas, froitas e hortalizas \u00e9 a secci\u00f3n m\u00e1is representativa en compras a distribuidores galegos en canto a n\u00famero de toneladas, con m\u00e1is de 28.000 toneladas adquiridas durante 2024. A secci\u00f3n de carnicer\u00eda s\u00e9guelle de preto, coa adquisici\u00f3n de 21.500 toneladas. En canto ao peixe e o marisco, destaca a posta en valor por parte de Vegalsa-Eroski da compra en orixe das lonxas galegas como Burela, Celeiro, A Coru\u00f1a, Malpica, Laxe, Ribeira, Mar\u00edn e Vigo. En 2024, a s\u00faa adquisici\u00f3n superou as 6.300 toneladas.<\/p>\n","protected":false},"excerpt":{"rendered":"<p>A compa\u00f1\u00eda de distribuci\u00f3n alimentaria presenta no hipermercado Eroski de Nigr\u00e1n unha campa\u00f1a de promoci\u00f3n de produtos galegos co apoio de 100 provedores locais.<\/p>\n","protected":false},"author":8,"featured_media":225175,"comment_status":"open","ping_status":"open","sticky":false,"template":"","format":"standard","meta":{"_acf_changed":false,"footnotes":""},"categories":[26,13],"tags":[],"class_list":["post-225174","post","type-post","status-publish","format-standard","has-post-thumbnail","hentry","category-produccion-local","category-sostenibilidad-medioambiental"],"acf":[],"yoast_head":"<!-- This site is optimized with the Yoast SEO plugin v28.3 - https:\/\/yoast.com\/product\/yoast-seo-wordpress\/ -->\n<title>Vegalsa-Eroski promove a alimentaci\u00f3n galega na s\u00faa rede comercial - Vegalsa Eroski<\/title>\n<meta name=\"robots\" content=\"index, follow, max-snippet:-1, max-image-preview:large, max-video-preview:-1\" \/>\n<link rel=\"canonical\" href=\"https:\/\/www.vegalsa.es\/gl\/vegalsa-eroski-promove-a-alimentacion-galega-na-sua-rede-comercial\/\" \/>\n<meta property=\"og:locale\" content=\"gl_ES\" \/>\n<meta property=\"og:type\" content=\"article\" \/>\n<meta property=\"og:title\" content=\"Vegalsa-Eroski promove a alimentaci\u00f3n galega na s\u00faa rede comercial - Vegalsa Eroski\" \/>\n<meta property=\"og:description\" content=\"A compa\u00f1\u00eda de distribuci\u00f3n alimentaria presenta no hipermercado Eroski de Nigr\u00e1n unha campa\u00f1a de promoci\u00f3n de produtos galegos co apoio de 100 provedores locais.\" \/>\n<meta property=\"og:url\" content=\"https:\/\/www.vegalsa.es\/gl\/vegalsa-eroski-promove-a-alimentacion-galega-na-sua-rede-comercial\/\" \/>\n<meta property=\"og:site_name\" content=\"Vegalsa Eroski\" \/>\n<meta property=\"article:publisher\" content=\"https:\/\/www.facebook.com\/vegalsaeroski\" \/>\n<meta property=\"article:published_time\" content=\"2025-07-17T07:52:00+00:00\" \/>\n<meta property=\"article:modified_time\" content=\"2026-05-08T10:20:36+00:00\" \/>\n<meta property=\"og:image\" content=\"https:\/\/www.vegalsa.es\/wp-content\/uploads\/2026\/01\/Vegalsa_blog_42.jpg\" \/>\n\t<meta property=\"og:image:width\" content=\"1080\" \/>\n\t<meta property=\"og:image:height\" content=\"805\" \/>\n\t<meta property=\"og:image:type\" content=\"image\/jpeg\" \/>\n<meta name=\"author\" content=\"Comunicaci\u00f3n Vegalsa\" \/>\n<meta name=\"twitter:card\" content=\"summary_large_image\" \/>\n<meta name=\"twitter:label1\" content=\"Escrito por\" \/>\n\t<meta name=\"twitter:data1\" content=\"Comunicaci\u00f3n Vegalsa\" \/>\n\t<meta name=\"twitter:label2\" content=\"Tempo de lectura\" \/>\n\t<meta name=\"twitter:data2\" content=\"4 minutos\" \/>\n<script type=\"application\/ld+json\" class=\"yoast-schema-graph\">{\"@context\":\"https:\\\/\\\/schema.org\",\"@graph\":[{\"@type\":\"Article\",\"@id\":\"https:\\\/\\\/www.vegalsa.es\\\/gl\\\/vegalsa-eroski-promove-a-alimentacion-galega-na-sua-rede-comercial\\\/#article\",\"isPartOf\":{\"@id\":\"https:\\\/\\\/www.vegalsa.es\\\/gl\\\/vegalsa-eroski-promove-a-alimentacion-galega-na-sua-rede-comercial\\\/\"},\"author\":{\"name\":\"Comunicaci\u00f3n Vegalsa\",\"@id\":\"https:\\\/\\\/www.vegalsa.es\\\/gl\\\/#\\\/schema\\\/person\\\/67c6a964c37b770a69e1bfaef9c5e8a1\"},\"headline\":\"Vegalsa-Eroski promove a alimentaci\u00f3n galega na s\u00faa rede comercial\",\"datePublished\":\"2025-07-17T07:52:00+00:00\",\"dateModified\":\"2026-05-08T10:20:36+00:00\",\"mainEntityOfPage\":{\"@id\":\"https:\\\/\\\/www.vegalsa.es\\\/gl\\\/vegalsa-eroski-promove-a-alimentacion-galega-na-sua-rede-comercial\\\/\"},\"wordCount\":808,\"commentCount\":0,\"publisher\":{\"@id\":\"https:\\\/\\\/www.vegalsa.es\\\/gl\\\/#organization\"},\"image\":{\"@id\":\"https:\\\/\\\/www.vegalsa.es\\\/gl\\\/vegalsa-eroski-promove-a-alimentacion-galega-na-sua-rede-comercial\\\/#primaryimage\"},\"thumbnailUrl\":\"https:\\\/\\\/www.vegalsa.es\\\/wp-content\\\/uploads\\\/2026\\\/01\\\/Vegalsa_blog_42.jpg\",\"articleSection\":[\"Producci\u00f3n Local\",\"Sostenibilidad Medioambiental\"],\"inLanguage\":\"gl-ES\",\"potentialAction\":[{\"@type\":\"CommentAction\",\"name\":\"Comment\",\"target\":[\"https:\\\/\\\/www.vegalsa.es\\\/gl\\\/vegalsa-eroski-promove-a-alimentacion-galega-na-sua-rede-comercial\\\/#respond\"]}]},{\"@type\":\"WebPage\",\"@id\":\"https:\\\/\\\/www.vegalsa.es\\\/gl\\\/vegalsa-eroski-promove-a-alimentacion-galega-na-sua-rede-comercial\\\/\",\"url\":\"https:\\\/\\\/www.vegalsa.es\\\/gl\\\/vegalsa-eroski-promove-a-alimentacion-galega-na-sua-rede-comercial\\\/\",\"name\":\"Vegalsa-Eroski promove a alimentaci\u00f3n galega na s\u00faa rede comercial - Vegalsa Eroski\",\"isPartOf\":{\"@id\":\"https:\\\/\\\/www.vegalsa.es\\\/gl\\\/#website\"},\"primaryImageOfPage\":{\"@id\":\"https:\\\/\\\/www.vegalsa.es\\\/gl\\\/vegalsa-eroski-promove-a-alimentacion-galega-na-sua-rede-comercial\\\/#primaryimage\"},\"image\":{\"@id\":\"https:\\\/\\\/www.vegalsa.es\\\/gl\\\/vegalsa-eroski-promove-a-alimentacion-galega-na-sua-rede-comercial\\\/#primaryimage\"},\"thumbnailUrl\":\"https:\\\/\\\/www.vegalsa.es\\\/wp-content\\\/uploads\\\/2026\\\/01\\\/Vegalsa_blog_42.jpg\",\"datePublished\":\"2025-07-17T07:52:00+00:00\",\"dateModified\":\"2026-05-08T10:20:36+00:00\",\"breadcrumb\":{\"@id\":\"https:\\\/\\\/www.vegalsa.es\\\/gl\\\/vegalsa-eroski-promove-a-alimentacion-galega-na-sua-rede-comercial\\\/#breadcrumb\"},\"inLanguage\":\"gl-ES\",\"potentialAction\":[{\"@type\":\"ReadAction\",\"target\":[\"https:\\\/\\\/www.vegalsa.es\\\/gl\\\/vegalsa-eroski-promove-a-alimentacion-galega-na-sua-rede-comercial\\\/\"]}]},{\"@type\":\"ImageObject\",\"inLanguage\":\"gl-ES\",\"@id\":\"https:\\\/\\\/www.vegalsa.es\\\/gl\\\/vegalsa-eroski-promove-a-alimentacion-galega-na-sua-rede-comercial\\\/#primaryimage\",\"url\":\"https:\\\/\\\/www.vegalsa.es\\\/wp-content\\\/uploads\\\/2026\\\/01\\\/Vegalsa_blog_42.jpg\",\"contentUrl\":\"https:\\\/\\\/www.vegalsa.es\\\/wp-content\\\/uploads\\\/2026\\\/01\\\/Vegalsa_blog_42.jpg\",\"width\":1080,\"height\":805,\"caption\":\"Equipo de trabajadores de Vegalsa-Eroski en una acci\u00f3n corporativa sobre sostenibilidad.\"},{\"@type\":\"BreadcrumbList\",\"@id\":\"https:\\\/\\\/www.vegalsa.es\\\/gl\\\/vegalsa-eroski-promove-a-alimentacion-galega-na-sua-rede-comercial\\\/#breadcrumb\",\"itemListElement\":[{\"@type\":\"ListItem\",\"position\":1,\"name\":\"Inicio\",\"item\":\"https:\\\/\\\/www.vegalsa.es\\\/gl\\\/\"},{\"@type\":\"ListItem\",\"position\":2,\"name\":\"Produci\u00f3n local\",\"item\":\"https:\\\/\\\/www.vegalsa.es\\\/gl\\\/actualidad\\\/producion-local\\\/\"},{\"@type\":\"ListItem\",\"position\":3,\"name\":\"Vegalsa-Eroski promove a alimentaci\u00f3n galega na s\u00faa rede comercial\"}]},{\"@type\":\"WebSite\",\"@id\":\"https:\\\/\\\/www.vegalsa.es\\\/gl\\\/#website\",\"url\":\"https:\\\/\\\/www.vegalsa.es\\\/gl\\\/\",\"name\":\"Vegalsa Eroski\",\"description\":\"Compa\u00f1\u00eda gallega de distribuci\u00f3n alimentaria, con m\u00e1s de 280 establecimientos bajo las ense\u00f1as Eroski, Familia y Cash Record en Galicia, Asturias y Castilla y Le\u00f3n.\",\"publisher\":{\"@id\":\"https:\\\/\\\/www.vegalsa.es\\\/gl\\\/#organization\"},\"potentialAction\":[{\"@type\":\"SearchAction\",\"target\":{\"@type\":\"EntryPoint\",\"urlTemplate\":\"https:\\\/\\\/www.vegalsa.es\\\/gl\\\/?s={search_term_string}\"},\"query-input\":{\"@type\":\"PropertyValueSpecification\",\"valueRequired\":true,\"valueName\":\"search_term_string\"}}],\"inLanguage\":\"gl-ES\"},{\"@type\":\"Organization\",\"@id\":\"https:\\\/\\\/www.vegalsa.es\\\/gl\\\/#organization\",\"name\":\"Vegalsa Eroski\",\"url\":\"https:\\\/\\\/www.vegalsa.es\\\/gl\\\/\",\"logo\":{\"@type\":\"ImageObject\",\"inLanguage\":\"gl-ES\",\"@id\":\"https:\\\/\\\/www.vegalsa.es\\\/gl\\\/#\\\/schema\\\/logo\\\/image\\\/\",\"url\":\"https:\\\/\\\/www.vegalsa.es\\\/wp-content\\\/uploads\\\/2025\\\/12\\\/logo-vegalsa-color_web.svg\",\"contentUrl\":\"https:\\\/\\\/www.vegalsa.es\\\/wp-content\\\/uploads\\\/2025\\\/12\\\/logo-vegalsa-color_web.svg\",\"width\":1,\"height\":1,\"caption\":\"Vegalsa Eroski\"},\"image\":{\"@id\":\"https:\\\/\\\/www.vegalsa.es\\\/gl\\\/#\\\/schema\\\/logo\\\/image\\\/\"},\"sameAs\":[\"https:\\\/\\\/www.facebook.com\\\/vegalsaeroski\",\"https:\\\/\\\/www.instagram.com\\\/vegalsa_eroski\",\"https:\\\/\\\/www.linkedin.com\\\/company\\\/vegalsa\\\/\",\"https:\\\/\\\/www.youtube.com\\\/@vegalsa-eroski\"]},{\"@type\":\"Person\",\"@id\":\"https:\\\/\\\/www.vegalsa.es\\\/gl\\\/#\\\/schema\\\/person\\\/67c6a964c37b770a69e1bfaef9c5e8a1\",\"name\":\"Comunicaci\u00f3n Vegalsa\",\"image\":{\"@type\":\"ImageObject\",\"inLanguage\":\"gl-ES\",\"@id\":\"https:\\\/\\\/secure.gravatar.com\\\/avatar\\\/c969e937a2134347da246a3ffe5f59ac2236a6155649dc80a73494ae6eac694a?s=96&d=mm&r=g\",\"url\":\"https:\\\/\\\/secure.gravatar.com\\\/avatar\\\/c969e937a2134347da246a3ffe5f59ac2236a6155649dc80a73494ae6eac694a?s=96&d=mm&r=g\",\"contentUrl\":\"https:\\\/\\\/secure.gravatar.com\\\/avatar\\\/c969e937a2134347da246a3ffe5f59ac2236a6155649dc80a73494ae6eac694a?s=96&d=mm&r=g\",\"caption\":\"Comunicaci\u00f3n Vegalsa\"},\"sameAs\":[\"https:\\\/\\\/www.vegalsa.es\"],\"url\":\"https:\\\/\\\/www.vegalsa.es\\\/gl\\\/author\\\/comunicacion\\\/\"}]}<\/script>\n<!-- \/ Yoast SEO plugin. -->","yoast_head_json":{"title":"Vegalsa-Eroski promove a alimentaci\u00f3n galega na s\u00faa rede comercial - Vegalsa Eroski","robots":{"index":"index","follow":"follow","max-snippet":"max-snippet:-1","max-image-preview":"max-image-preview:large","max-video-preview":"max-video-preview:-1"},"canonical":"https:\/\/www.vegalsa.es\/gl\/vegalsa-eroski-promove-a-alimentacion-galega-na-sua-rede-comercial\/","og_locale":"gl_ES","og_type":"article","og_title":"Vegalsa-Eroski promove a alimentaci\u00f3n galega na s\u00faa rede comercial - Vegalsa Eroski","og_description":"A compa\u00f1\u00eda de distribuci\u00f3n alimentaria presenta no hipermercado Eroski de Nigr\u00e1n unha campa\u00f1a de promoci\u00f3n de produtos galegos co apoio de 100 provedores locais.","og_url":"https:\/\/www.vegalsa.es\/gl\/vegalsa-eroski-promove-a-alimentacion-galega-na-sua-rede-comercial\/","og_site_name":"Vegalsa Eroski","article_publisher":"https:\/\/www.facebook.com\/vegalsaeroski","article_published_time":"2025-07-17T07:52:00+00:00","article_modified_time":"2026-05-08T10:20:36+00:00","og_image":[{"width":1080,"height":805,"url":"https:\/\/www.vegalsa.es\/wp-content\/uploads\/2026\/01\/Vegalsa_blog_42.jpg","type":"image\/jpeg"}],"author":"Comunicaci\u00f3n Vegalsa","twitter_card":"summary_large_image","twitter_misc":{"Escrito por":"Comunicaci\u00f3n Vegalsa","Tempo de lectura":"4 minutos"},"schema":{"@context":"https:\/\/schema.org","@graph":[{"@type":"Article","@id":"https:\/\/www.vegalsa.es\/gl\/vegalsa-eroski-promove-a-alimentacion-galega-na-sua-rede-comercial\/#article","isPartOf":{"@id":"https:\/\/www.vegalsa.es\/gl\/vegalsa-eroski-promove-a-alimentacion-galega-na-sua-rede-comercial\/"},"author":{"name":"Comunicaci\u00f3n Vegalsa","@id":"https:\/\/www.vegalsa.es\/gl\/#\/schema\/person\/67c6a964c37b770a69e1bfaef9c5e8a1"},"headline":"Vegalsa-Eroski promove a alimentaci\u00f3n galega na s\u00faa rede comercial","datePublished":"2025-07-17T07:52:00+00:00","dateModified":"2026-05-08T10:20:36+00:00","mainEntityOfPage":{"@id":"https:\/\/www.vegalsa.es\/gl\/vegalsa-eroski-promove-a-alimentacion-galega-na-sua-rede-comercial\/"},"wordCount":808,"commentCount":0,"publisher":{"@id":"https:\/\/www.vegalsa.es\/gl\/#organization"},"image":{"@id":"https:\/\/www.vegalsa.es\/gl\/vegalsa-eroski-promove-a-alimentacion-galega-na-sua-rede-comercial\/#primaryimage"},"thumbnailUrl":"https:\/\/www.vegalsa.es\/wp-content\/uploads\/2026\/01\/Vegalsa_blog_42.jpg","articleSection":["Producci\u00f3n Local","Sostenibilidad Medioambiental"],"inLanguage":"gl-ES","potentialAction":[{"@type":"CommentAction","name":"Comment","target":["https:\/\/www.vegalsa.es\/gl\/vegalsa-eroski-promove-a-alimentacion-galega-na-sua-rede-comercial\/#respond"]}]},{"@type":"WebPage","@id":"https:\/\/www.vegalsa.es\/gl\/vegalsa-eroski-promove-a-alimentacion-galega-na-sua-rede-comercial\/","url":"https:\/\/www.vegalsa.es\/gl\/vegalsa-eroski-promove-a-alimentacion-galega-na-sua-rede-comercial\/","name":"Vegalsa-Eroski promove a alimentaci\u00f3n galega na s\u00faa rede comercial - Vegalsa Eroski","isPartOf":{"@id":"https:\/\/www.vegalsa.es\/gl\/#website"},"primaryImageOfPage":{"@id":"https:\/\/www.vegalsa.es\/gl\/vegalsa-eroski-promove-a-alimentacion-galega-na-sua-rede-comercial\/#primaryimage"},"image":{"@id":"https:\/\/www.vegalsa.es\/gl\/vegalsa-eroski-promove-a-alimentacion-galega-na-sua-rede-comercial\/#primaryimage"},"thumbnailUrl":"https:\/\/www.vegalsa.es\/wp-content\/uploads\/2026\/01\/Vegalsa_blog_42.jpg","datePublished":"2025-07-17T07:52:00+00:00","dateModified":"2026-05-08T10:20:36+00:00","breadcrumb":{"@id":"https:\/\/www.vegalsa.es\/gl\/vegalsa-eroski-promove-a-alimentacion-galega-na-sua-rede-comercial\/#breadcrumb"},"inLanguage":"gl-ES","potentialAction":[{"@type":"ReadAction","target":["https:\/\/www.vegalsa.es\/gl\/vegalsa-eroski-promove-a-alimentacion-galega-na-sua-rede-comercial\/"]}]},{"@type":"ImageObject","inLanguage":"gl-ES","@id":"https:\/\/www.vegalsa.es\/gl\/vegalsa-eroski-promove-a-alimentacion-galega-na-sua-rede-comercial\/#primaryimage","url":"https:\/\/www.vegalsa.es\/wp-content\/uploads\/2026\/01\/Vegalsa_blog_42.jpg","contentUrl":"https:\/\/www.vegalsa.es\/wp-content\/uploads\/2026\/01\/Vegalsa_blog_42.jpg","width":1080,"height":805,"caption":"Equipo de trabajadores de Vegalsa-Eroski en una acci\u00f3n corporativa sobre sostenibilidad."},{"@type":"BreadcrumbList","@id":"https:\/\/www.vegalsa.es\/gl\/vegalsa-eroski-promove-a-alimentacion-galega-na-sua-rede-comercial\/#breadcrumb","itemListElement":[{"@type":"ListItem","position":1,"name":"Inicio","item":"https:\/\/www.vegalsa.es\/gl\/"},{"@type":"ListItem","position":2,"name":"Produci\u00f3n local","item":"https:\/\/www.vegalsa.es\/gl\/actualidad\/producion-local\/"},{"@type":"ListItem","position":3,"name":"Vegalsa-Eroski promove a alimentaci\u00f3n galega na s\u00faa rede comercial"}]},{"@type":"WebSite","@id":"https:\/\/www.vegalsa.es\/gl\/#website","url":"https:\/\/www.vegalsa.es\/gl\/","name":"Vegalsa Eroski","description":"Compa\u00f1\u00eda gallega de distribuci\u00f3n alimentaria, con m\u00e1s de 280 establecimientos bajo las ense\u00f1as Eroski, Familia y Cash Record en Galicia, Asturias y Castilla y Le\u00f3n.","publisher":{"@id":"https:\/\/www.vegalsa.es\/gl\/#organization"},"potentialAction":[{"@type":"SearchAction","target":{"@type":"EntryPoint","urlTemplate":"https:\/\/www.vegalsa.es\/gl\/?s={search_term_string}"},"query-input":{"@type":"PropertyValueSpecification","valueRequired":true,"valueName":"search_term_string"}}],"inLanguage":"gl-ES"},{"@type":"Organization","@id":"https:\/\/www.vegalsa.es\/gl\/#organization","name":"Vegalsa Eroski","url":"https:\/\/www.vegalsa.es\/gl\/","logo":{"@type":"ImageObject","inLanguage":"gl-ES","@id":"https:\/\/www.vegalsa.es\/gl\/#\/schema\/logo\/image\/","url":"https:\/\/www.vegalsa.es\/wp-content\/uploads\/2025\/12\/logo-vegalsa-color_web.svg","contentUrl":"https:\/\/www.vegalsa.es\/wp-content\/uploads\/2025\/12\/logo-vegalsa-color_web.svg","width":1,"height":1,"caption":"Vegalsa Eroski"},"image":{"@id":"https:\/\/www.vegalsa.es\/gl\/#\/schema\/logo\/image\/"},"sameAs":["https:\/\/www.facebook.com\/vegalsaeroski","https:\/\/www.instagram.com\/vegalsa_eroski","https:\/\/www.linkedin.com\/company\/vegalsa\/","https:\/\/www.youtube.com\/@vegalsa-eroski"]},{"@type":"Person","@id":"https:\/\/www.vegalsa.es\/gl\/#\/schema\/person\/67c6a964c37b770a69e1bfaef9c5e8a1","name":"Comunicaci\u00f3n Vegalsa","image":{"@type":"ImageObject","inLanguage":"gl-ES","@id":"https:\/\/secure.gravatar.com\/avatar\/c969e937a2134347da246a3ffe5f59ac2236a6155649dc80a73494ae6eac694a?s=96&d=mm&r=g","url":"https:\/\/secure.gravatar.com\/avatar\/c969e937a2134347da246a3ffe5f59ac2236a6155649dc80a73494ae6eac694a?s=96&d=mm&r=g","contentUrl":"https:\/\/secure.gravatar.com\/avatar\/c969e937a2134347da246a3ffe5f59ac2236a6155649dc80a73494ae6eac694a?s=96&d=mm&r=g","caption":"Comunicaci\u00f3n Vegalsa"},"sameAs":["https:\/\/www.vegalsa.es"],"url":"https:\/\/www.vegalsa.es\/gl\/author\/comunicacion\/"}]}},"_links":{"self":[{"href":"https:\/\/www.vegalsa.es\/gl\/wp-json\/wp\/v2\/posts\/225174","targetHints":{"allow":["GET"]}}],"collection":[{"href":"https:\/\/www.vegalsa.es\/gl\/wp-json\/wp\/v2\/posts"}],"about":[{"href":"https:\/\/www.vegalsa.es\/gl\/wp-json\/wp\/v2\/types\/post"}],"author":[{"embeddable":true,"href":"https:\/\/www.vegalsa.es\/gl\/wp-json\/wp\/v2\/users\/8"}],"replies":[{"embeddable":true,"href":"https:\/\/www.vegalsa.es\/gl\/wp-json\/wp\/v2\/comments?post=225174"}],"version-history":[{"count":2,"href":"https:\/\/www.vegalsa.es\/gl\/wp-json\/wp\/v2\/posts\/225174\/revisions"}],"predecessor-version":[{"id":225178,"href":"https:\/\/www.vegalsa.es\/gl\/wp-json\/wp\/v2\/posts\/225174\/revisions\/225178"}],"wp:featuredmedia":[{"embeddable":true,"href":"https:\/\/www.vegalsa.es\/gl\/wp-json\/wp\/v2\/media\/225175"}],"wp:attachment":[{"href":"https:\/\/www.vegalsa.es\/gl\/wp-json\/wp\/v2\/media?parent=225174"}],"wp:term":[{"taxonomy":"category","embeddable":true,"href":"https:\/\/www.vegalsa.es\/gl\/wp-json\/wp\/v2\/categories?post=225174"},{"taxonomy":"post_tag","embeddable":true,"href":"https:\/\/www.vegalsa.es\/gl\/wp-json\/wp\/v2\/tags?post=225174"}],"curies":[{"name":"wp","href":"https:\/\/api.w.org\/{rel}","templated":true}]}}