{"id":224878,"date":"2025-03-21T08:51:00","date_gmt":"2025-03-21T07:51:00","guid":{"rendered":"http:\/\/www.vegalsa.es\/?p=224878"},"modified":"2026-05-08T12:20:56","modified_gmt":"2026-05-08T10:20:56","slug":"vegalsa-eroski-apaga-la-luz-un-ano-mas-por-la-sostenibilidad-ambiental","status":"publish","type":"post","link":"https:\/\/www.vegalsa.es\/gl\/vegalsa-eroski-apaga-la-luz-un-ano-mas-por-la-sostenibilidad-ambiental\/","title":{"rendered":"Vegalsa-Eroski apaga la luz un a\u00f1o m\u00e1s por la sostenibilidad ambiental"},"content":{"rendered":"\n<h2 class=\"wp-block-heading\">Los 286 establecimientos de la compa\u00f1\u00eda en Galicia, Asturias y Castilla y Le\u00f3n apagar\u00e1n sus r\u00f3tulos exteriores este s\u00e1bado entre las 20:30 y las 21:30 horas para sumarse a la campa\u00f1a La Hora del Planeta, de WWFF.<\/h2>\n\n\n\n<p class=\"wp-block-paragraph\">La compa\u00f1\u00eda gallega de distribuci\u00f3n alimentaria Vegalsa-Eroski se sumar\u00e1 este s\u00e1bado por und\u00e9cimo a\u00f1o consecutivo a La Hora del Planeta, iniciativa promovida por la organizaci\u00f3n independiente WWF, apagando los r\u00f3tulos exteriores de sus 286 establecimientos en Galicia, Asturias y Castilla y Le\u00f3n como reflejo de su compromiso con la sostenibilidad ambiental.<\/p>\n\n\n\n<p class=\"wp-block-paragraph\">Dentro del marco de esta campa\u00f1a, que busca poner el foco en la problem\u00e1tica del cambio clim\u00e1tico, los establecimientos de sus ense\u00f1as hipermercados Eroski, supermercados Eroski Center, Eroski City, Autoservicios Familia y Cash Record dejar\u00e1n de iluminar su fachada el s\u00e1bado durante una hora, entre las 20:30 y las 21:30 horas. Adem\u00e1s, la compa\u00f1\u00eda divulgar\u00e1 la iniciativa en redes sociales para concienciar sobre la importancia de cuidar nuestro espacio.<\/p>\n\n\n\n<p class=\"wp-block-paragraph\">\u201cDar una hora al planeta es hacer que el tiempo cuente y que lo haga de la mejor forma posible: cuidando de nuestro entorno. El medio ambiente, el consumo responsable y la alimentaci\u00f3n sostenible son ejes fundamentales de nuestras acciones, porque en Vegalsa-Eroski llevamos muchos a\u00f1os manteniendo encendido nuestro compromiso con el planeta\u201d<em>,&nbsp;<\/em>se\u00f1ala la directora de Sostenibilidad y Comunicaci\u00f3n Corporativa de Vegalsa-Eroski, Gabriela Gonz\u00e1lez.<\/p>\n\n\n\n<h3 class=\"wp-block-heading\"><strong>Responsabilidad ambiental<\/strong><\/h3>\n\n\n\n<p class=\"wp-block-paragraph\">Vegalsa-Eroski tiene entre sus valores el cuidado del medioambiente, con l\u00edneas de trabajo concretas que contribuyen a reducir su impacto ambiental en el entorno cada d\u00eda. Entre ellas, se encuentran la adopci\u00f3n de medidas de eficiencia energ\u00e9tica dentro de sus tiendas, tanto en iluminaci\u00f3n como en climatizaci\u00f3n; ofrecer a sus clientes bolsas de papel con sello FSC mixto, compostables o mallas reutilizables, as\u00ed como la opci\u00f3n de tique digital.<\/p>\n\n\n\n<p class=\"wp-block-paragraph\">Adem\u00e1s, Vegalsa-Eroski ha sido certificada por Bureau Veritas por su sistema de econom\u00eda circular de pl\u00e1sticos en el 2022 y hace un a\u00f1o obtuvo el\u00a0<strong>certificado de desperdicio alimentario<\/strong>, convirti\u00e9ndose en la primera compa\u00f1\u00eda gallega de distribuci\u00f3n alimentaria en obtenerlo. Este \u00faltimo acredita su sistema de gesti\u00f3n con el que previene y reduce la generaci\u00f3n de residuos alimentarios en toda su cadena de suministros.<\/p>\n\n\n\n<p class=\"wp-block-paragraph\">Dentro de esta estrategia medioambiental, la compa\u00f1\u00eda realiza tambi\u00e9n una serie de acciones de concienciaci\u00f3n sobre el cuidado del entorno. Entre ellas se encuentra la plantaci\u00f3n de \u00e1rboles anual que realiza en una zona escolar; la limpieza de espacios naturales a trav\u00e9s de la participaci\u00f3n en iniciativas como la Gran Limpieza de Fondos Marinos del Festival Mar de Mares o el programa RE-MAR de la Asociaci\u00f3n AMICOS; y la colaboraci\u00f3n que mantiene con la Mancomunidade Montes de Vigo para acercar los montes a las aulas.<\/p>\n","protected":false},"excerpt":{"rendered":"<p>Los 286 establecimientos de la compa\u00f1\u00eda en Galicia, Asturias y Castilla y Le\u00f3n apagar\u00e1n sus r\u00f3tulos exteriores este s\u00e1bado entre las 20:30 y las 21:30 horas para sumarse a la campa\u00f1a La Hora del Planeta, de WWFF.<\/p>\n","protected":false},"author":8,"featured_media":224879,"comment_status":"open","ping_status":"open","sticky":false,"template":"","format":"standard","meta":{"_acf_changed":false,"footnotes":""},"categories":[12,13],"tags":[],"class_list":["post-224878","post","type-post","status-publish","format-standard","has-post-thumbnail","hentry","category-solidaridad","category-sostenibilidad-medioambiental"],"acf":[],"yoast_head":"<!-- This site is optimized with the Yoast SEO plugin v28.3 - https:\/\/yoast.com\/product\/yoast-seo-wordpress\/ -->\n<title>Vegalsa-Eroski apaga la luz un a\u00f1o m\u00e1s por la sostenibilidad ambiental - Vegalsa Eroski<\/title>\n<meta name=\"robots\" content=\"index, follow, max-snippet:-1, max-image-preview:large, max-video-preview:-1\" \/>\n<link rel=\"canonical\" href=\"https:\/\/www.vegalsa.es\/gl\/vegalsa-eroski-apaga-la-luz-un-ano-mas-por-la-sostenibilidad-ambiental\/\" \/>\n<meta property=\"og:locale\" content=\"gl_ES\" \/>\n<meta property=\"og:type\" content=\"article\" \/>\n<meta property=\"og:title\" content=\"Vegalsa-Eroski apaga la luz un a\u00f1o m\u00e1s por la sostenibilidad ambiental - Vegalsa Eroski\" \/>\n<meta property=\"og:description\" content=\"Los 286 establecimientos de la compa\u00f1\u00eda en Galicia, Asturias y Castilla y Le\u00f3n apagar\u00e1n sus r\u00f3tulos exteriores este s\u00e1bado entre las 20:30 y las 21:30 horas para sumarse a la campa\u00f1a La Hora del Planeta, de WWFF.\" \/>\n<meta property=\"og:url\" content=\"https:\/\/www.vegalsa.es\/gl\/vegalsa-eroski-apaga-la-luz-un-ano-mas-por-la-sostenibilidad-ambiental\/\" \/>\n<meta property=\"og:site_name\" content=\"Vegalsa Eroski\" \/>\n<meta property=\"article:publisher\" content=\"https:\/\/www.facebook.com\/vegalsaeroski\" \/>\n<meta property=\"article:published_time\" content=\"2025-03-21T07:51:00+00:00\" \/>\n<meta property=\"article:modified_time\" content=\"2026-05-08T10:20:56+00:00\" \/>\n<meta property=\"og:image\" content=\"https:\/\/www.vegalsa.es\/wp-content\/uploads\/2026\/01\/Vegalsa_blog_15.jpg\" \/>\n\t<meta property=\"og:image:width\" content=\"1080\" \/>\n\t<meta property=\"og:image:height\" content=\"805\" \/>\n\t<meta property=\"og:image:type\" content=\"image\/jpeg\" \/>\n<meta name=\"author\" content=\"Comunicaci\u00f3n Vegalsa\" \/>\n<meta name=\"twitter:card\" content=\"summary_large_image\" \/>\n<meta name=\"twitter:label1\" content=\"Escrito por\" \/>\n\t<meta name=\"twitter:data1\" content=\"Comunicaci\u00f3n Vegalsa\" \/>\n\t<meta name=\"twitter:label2\" content=\"Tempo de lectura\" \/>\n\t<meta name=\"twitter:data2\" content=\"3 minutos\" \/>\n<script type=\"application\/ld+json\" class=\"yoast-schema-graph\">{\"@context\":\"https:\\\/\\\/schema.org\",\"@graph\":[{\"@type\":\"Article\",\"@id\":\"https:\\\/\\\/www.vegalsa.es\\\/gl\\\/vegalsa-eroski-apaga-la-luz-un-ano-mas-por-la-sostenibilidad-ambiental\\\/#article\",\"isPartOf\":{\"@id\":\"https:\\\/\\\/www.vegalsa.es\\\/gl\\\/vegalsa-eroski-apaga-la-luz-un-ano-mas-por-la-sostenibilidad-ambiental\\\/\"},\"author\":{\"name\":\"Comunicaci\u00f3n Vegalsa\",\"@id\":\"https:\\\/\\\/www.vegalsa.es\\\/gl\\\/#\\\/schema\\\/person\\\/67c6a964c37b770a69e1bfaef9c5e8a1\"},\"headline\":\"Vegalsa-Eroski apaga la luz un a\u00f1o m\u00e1s por la sostenibilidad ambiental\",\"datePublished\":\"2025-03-21T07:51:00+00:00\",\"dateModified\":\"2026-05-08T10:20:56+00:00\",\"mainEntityOfPage\":{\"@id\":\"https:\\\/\\\/www.vegalsa.es\\\/gl\\\/vegalsa-eroski-apaga-la-luz-un-ano-mas-por-la-sostenibilidad-ambiental\\\/\"},\"wordCount\":500,\"commentCount\":0,\"publisher\":{\"@id\":\"https:\\\/\\\/www.vegalsa.es\\\/gl\\\/#organization\"},\"image\":{\"@id\":\"https:\\\/\\\/www.vegalsa.es\\\/gl\\\/vegalsa-eroski-apaga-la-luz-un-ano-mas-por-la-sostenibilidad-ambiental\\\/#primaryimage\"},\"thumbnailUrl\":\"https:\\\/\\\/www.vegalsa.es\\\/wp-content\\\/uploads\\\/2026\\\/01\\\/Vegalsa_blog_15.jpg\",\"articleSection\":[\"Solidaridad\",\"Sostenibilidad Medioambiental\"],\"inLanguage\":\"gl-ES\",\"potentialAction\":[{\"@type\":\"CommentAction\",\"name\":\"Comment\",\"target\":[\"https:\\\/\\\/www.vegalsa.es\\\/gl\\\/vegalsa-eroski-apaga-la-luz-un-ano-mas-por-la-sostenibilidad-ambiental\\\/#respond\"]}]},{\"@type\":\"WebPage\",\"@id\":\"https:\\\/\\\/www.vegalsa.es\\\/gl\\\/vegalsa-eroski-apaga-la-luz-un-ano-mas-por-la-sostenibilidad-ambiental\\\/\",\"url\":\"https:\\\/\\\/www.vegalsa.es\\\/gl\\\/vegalsa-eroski-apaga-la-luz-un-ano-mas-por-la-sostenibilidad-ambiental\\\/\",\"name\":\"Vegalsa-Eroski apaga la luz un a\u00f1o m\u00e1s por la sostenibilidad ambiental - Vegalsa Eroski\",\"isPartOf\":{\"@id\":\"https:\\\/\\\/www.vegalsa.es\\\/gl\\\/#website\"},\"primaryImageOfPage\":{\"@id\":\"https:\\\/\\\/www.vegalsa.es\\\/gl\\\/vegalsa-eroski-apaga-la-luz-un-ano-mas-por-la-sostenibilidad-ambiental\\\/#primaryimage\"},\"image\":{\"@id\":\"https:\\\/\\\/www.vegalsa.es\\\/gl\\\/vegalsa-eroski-apaga-la-luz-un-ano-mas-por-la-sostenibilidad-ambiental\\\/#primaryimage\"},\"thumbnailUrl\":\"https:\\\/\\\/www.vegalsa.es\\\/wp-content\\\/uploads\\\/2026\\\/01\\\/Vegalsa_blog_15.jpg\",\"datePublished\":\"2025-03-21T07:51:00+00:00\",\"dateModified\":\"2026-05-08T10:20:56+00:00\",\"breadcrumb\":{\"@id\":\"https:\\\/\\\/www.vegalsa.es\\\/gl\\\/vegalsa-eroski-apaga-la-luz-un-ano-mas-por-la-sostenibilidad-ambiental\\\/#breadcrumb\"},\"inLanguage\":\"gl-ES\",\"potentialAction\":[{\"@type\":\"ReadAction\",\"target\":[\"https:\\\/\\\/www.vegalsa.es\\\/gl\\\/vegalsa-eroski-apaga-la-luz-un-ano-mas-por-la-sostenibilidad-ambiental\\\/\"]}]},{\"@type\":\"ImageObject\",\"inLanguage\":\"gl-ES\",\"@id\":\"https:\\\/\\\/www.vegalsa.es\\\/gl\\\/vegalsa-eroski-apaga-la-luz-un-ano-mas-por-la-sostenibilidad-ambiental\\\/#primaryimage\",\"url\":\"https:\\\/\\\/www.vegalsa.es\\\/wp-content\\\/uploads\\\/2026\\\/01\\\/Vegalsa_blog_15.jpg\",\"contentUrl\":\"https:\\\/\\\/www.vegalsa.es\\\/wp-content\\\/uploads\\\/2026\\\/01\\\/Vegalsa_blog_15.jpg\",\"width\":1080,\"height\":805,\"caption\":\"Fachada de un supermercado Familia del grupo Vegalsa-Eroski.\"},{\"@type\":\"BreadcrumbList\",\"@id\":\"https:\\\/\\\/www.vegalsa.es\\\/gl\\\/vegalsa-eroski-apaga-la-luz-un-ano-mas-por-la-sostenibilidad-ambiental\\\/#breadcrumb\",\"itemListElement\":[{\"@type\":\"ListItem\",\"position\":1,\"name\":\"Inicio\",\"item\":\"https:\\\/\\\/www.vegalsa.es\\\/gl\\\/\"},{\"@type\":\"ListItem\",\"position\":2,\"name\":\"Solidariedade\",\"item\":\"https:\\\/\\\/www.vegalsa.es\\\/gl\\\/actualidad\\\/solidariedade\\\/\"},{\"@type\":\"ListItem\",\"position\":3,\"name\":\"Vegalsa-Eroski apaga la luz un a\u00f1o m\u00e1s por la sostenibilidad ambiental\"}]},{\"@type\":\"WebSite\",\"@id\":\"https:\\\/\\\/www.vegalsa.es\\\/gl\\\/#website\",\"url\":\"https:\\\/\\\/www.vegalsa.es\\\/gl\\\/\",\"name\":\"Vegalsa Eroski\",\"description\":\"Compa\u00f1\u00eda gallega de distribuci\u00f3n alimentaria, con m\u00e1s de 280 establecimientos bajo las ense\u00f1as Eroski, Familia y Cash Record en Galicia, Asturias y Castilla y Le\u00f3n.\",\"publisher\":{\"@id\":\"https:\\\/\\\/www.vegalsa.es\\\/gl\\\/#organization\"},\"potentialAction\":[{\"@type\":\"SearchAction\",\"target\":{\"@type\":\"EntryPoint\",\"urlTemplate\":\"https:\\\/\\\/www.vegalsa.es\\\/gl\\\/?s={search_term_string}\"},\"query-input\":{\"@type\":\"PropertyValueSpecification\",\"valueRequired\":true,\"valueName\":\"search_term_string\"}}],\"inLanguage\":\"gl-ES\"},{\"@type\":\"Organization\",\"@id\":\"https:\\\/\\\/www.vegalsa.es\\\/gl\\\/#organization\",\"name\":\"Vegalsa Eroski\",\"url\":\"https:\\\/\\\/www.vegalsa.es\\\/gl\\\/\",\"logo\":{\"@type\":\"ImageObject\",\"inLanguage\":\"gl-ES\",\"@id\":\"https:\\\/\\\/www.vegalsa.es\\\/gl\\\/#\\\/schema\\\/logo\\\/image\\\/\",\"url\":\"https:\\\/\\\/www.vegalsa.es\\\/wp-content\\\/uploads\\\/2025\\\/12\\\/logo-vegalsa-color_web.svg\",\"contentUrl\":\"https:\\\/\\\/www.vegalsa.es\\\/wp-content\\\/uploads\\\/2025\\\/12\\\/logo-vegalsa-color_web.svg\",\"width\":1,\"height\":1,\"caption\":\"Vegalsa Eroski\"},\"image\":{\"@id\":\"https:\\\/\\\/www.vegalsa.es\\\/gl\\\/#\\\/schema\\\/logo\\\/image\\\/\"},\"sameAs\":[\"https:\\\/\\\/www.facebook.com\\\/vegalsaeroski\",\"https:\\\/\\\/www.instagram.com\\\/vegalsa_eroski\",\"https:\\\/\\\/www.linkedin.com\\\/company\\\/vegalsa\\\/\",\"https:\\\/\\\/www.youtube.com\\\/@vegalsa-eroski\"]},{\"@type\":\"Person\",\"@id\":\"https:\\\/\\\/www.vegalsa.es\\\/gl\\\/#\\\/schema\\\/person\\\/67c6a964c37b770a69e1bfaef9c5e8a1\",\"name\":\"Comunicaci\u00f3n Vegalsa\",\"image\":{\"@type\":\"ImageObject\",\"inLanguage\":\"gl-ES\",\"@id\":\"https:\\\/\\\/secure.gravatar.com\\\/avatar\\\/c969e937a2134347da246a3ffe5f59ac2236a6155649dc80a73494ae6eac694a?s=96&d=mm&r=g\",\"url\":\"https:\\\/\\\/secure.gravatar.com\\\/avatar\\\/c969e937a2134347da246a3ffe5f59ac2236a6155649dc80a73494ae6eac694a?s=96&d=mm&r=g\",\"contentUrl\":\"https:\\\/\\\/secure.gravatar.com\\\/avatar\\\/c969e937a2134347da246a3ffe5f59ac2236a6155649dc80a73494ae6eac694a?s=96&d=mm&r=g\",\"caption\":\"Comunicaci\u00f3n Vegalsa\"},\"sameAs\":[\"https:\\\/\\\/www.vegalsa.es\"],\"url\":\"https:\\\/\\\/www.vegalsa.es\\\/gl\\\/author\\\/comunicacion\\\/\"}]}<\/script>\n<!-- \/ Yoast SEO plugin. -->","yoast_head_json":{"title":"Vegalsa-Eroski apaga la luz un a\u00f1o m\u00e1s por la sostenibilidad ambiental - Vegalsa Eroski","robots":{"index":"index","follow":"follow","max-snippet":"max-snippet:-1","max-image-preview":"max-image-preview:large","max-video-preview":"max-video-preview:-1"},"canonical":"https:\/\/www.vegalsa.es\/gl\/vegalsa-eroski-apaga-la-luz-un-ano-mas-por-la-sostenibilidad-ambiental\/","og_locale":"gl_ES","og_type":"article","og_title":"Vegalsa-Eroski apaga la luz un a\u00f1o m\u00e1s por la sostenibilidad ambiental - Vegalsa Eroski","og_description":"Los 286 establecimientos de la compa\u00f1\u00eda en Galicia, Asturias y Castilla y Le\u00f3n apagar\u00e1n sus r\u00f3tulos exteriores este s\u00e1bado entre las 20:30 y las 21:30 horas para sumarse a la campa\u00f1a La Hora del Planeta, de WWFF.","og_url":"https:\/\/www.vegalsa.es\/gl\/vegalsa-eroski-apaga-la-luz-un-ano-mas-por-la-sostenibilidad-ambiental\/","og_site_name":"Vegalsa Eroski","article_publisher":"https:\/\/www.facebook.com\/vegalsaeroski","article_published_time":"2025-03-21T07:51:00+00:00","article_modified_time":"2026-05-08T10:20:56+00:00","og_image":[{"width":1080,"height":805,"url":"https:\/\/www.vegalsa.es\/wp-content\/uploads\/2026\/01\/Vegalsa_blog_15.jpg","type":"image\/jpeg"}],"author":"Comunicaci\u00f3n Vegalsa","twitter_card":"summary_large_image","twitter_misc":{"Escrito por":"Comunicaci\u00f3n Vegalsa","Tempo de lectura":"3 minutos"},"schema":{"@context":"https:\/\/schema.org","@graph":[{"@type":"Article","@id":"https:\/\/www.vegalsa.es\/gl\/vegalsa-eroski-apaga-la-luz-un-ano-mas-por-la-sostenibilidad-ambiental\/#article","isPartOf":{"@id":"https:\/\/www.vegalsa.es\/gl\/vegalsa-eroski-apaga-la-luz-un-ano-mas-por-la-sostenibilidad-ambiental\/"},"author":{"name":"Comunicaci\u00f3n Vegalsa","@id":"https:\/\/www.vegalsa.es\/gl\/#\/schema\/person\/67c6a964c37b770a69e1bfaef9c5e8a1"},"headline":"Vegalsa-Eroski apaga la luz un a\u00f1o m\u00e1s por la sostenibilidad ambiental","datePublished":"2025-03-21T07:51:00+00:00","dateModified":"2026-05-08T10:20:56+00:00","mainEntityOfPage":{"@id":"https:\/\/www.vegalsa.es\/gl\/vegalsa-eroski-apaga-la-luz-un-ano-mas-por-la-sostenibilidad-ambiental\/"},"wordCount":500,"commentCount":0,"publisher":{"@id":"https:\/\/www.vegalsa.es\/gl\/#organization"},"image":{"@id":"https:\/\/www.vegalsa.es\/gl\/vegalsa-eroski-apaga-la-luz-un-ano-mas-por-la-sostenibilidad-ambiental\/#primaryimage"},"thumbnailUrl":"https:\/\/www.vegalsa.es\/wp-content\/uploads\/2026\/01\/Vegalsa_blog_15.jpg","articleSection":["Solidaridad","Sostenibilidad Medioambiental"],"inLanguage":"gl-ES","potentialAction":[{"@type":"CommentAction","name":"Comment","target":["https:\/\/www.vegalsa.es\/gl\/vegalsa-eroski-apaga-la-luz-un-ano-mas-por-la-sostenibilidad-ambiental\/#respond"]}]},{"@type":"WebPage","@id":"https:\/\/www.vegalsa.es\/gl\/vegalsa-eroski-apaga-la-luz-un-ano-mas-por-la-sostenibilidad-ambiental\/","url":"https:\/\/www.vegalsa.es\/gl\/vegalsa-eroski-apaga-la-luz-un-ano-mas-por-la-sostenibilidad-ambiental\/","name":"Vegalsa-Eroski apaga la luz un a\u00f1o m\u00e1s por la sostenibilidad ambiental - Vegalsa Eroski","isPartOf":{"@id":"https:\/\/www.vegalsa.es\/gl\/#website"},"primaryImageOfPage":{"@id":"https:\/\/www.vegalsa.es\/gl\/vegalsa-eroski-apaga-la-luz-un-ano-mas-por-la-sostenibilidad-ambiental\/#primaryimage"},"image":{"@id":"https:\/\/www.vegalsa.es\/gl\/vegalsa-eroski-apaga-la-luz-un-ano-mas-por-la-sostenibilidad-ambiental\/#primaryimage"},"thumbnailUrl":"https:\/\/www.vegalsa.es\/wp-content\/uploads\/2026\/01\/Vegalsa_blog_15.jpg","datePublished":"2025-03-21T07:51:00+00:00","dateModified":"2026-05-08T10:20:56+00:00","breadcrumb":{"@id":"https:\/\/www.vegalsa.es\/gl\/vegalsa-eroski-apaga-la-luz-un-ano-mas-por-la-sostenibilidad-ambiental\/#breadcrumb"},"inLanguage":"gl-ES","potentialAction":[{"@type":"ReadAction","target":["https:\/\/www.vegalsa.es\/gl\/vegalsa-eroski-apaga-la-luz-un-ano-mas-por-la-sostenibilidad-ambiental\/"]}]},{"@type":"ImageObject","inLanguage":"gl-ES","@id":"https:\/\/www.vegalsa.es\/gl\/vegalsa-eroski-apaga-la-luz-un-ano-mas-por-la-sostenibilidad-ambiental\/#primaryimage","url":"https:\/\/www.vegalsa.es\/wp-content\/uploads\/2026\/01\/Vegalsa_blog_15.jpg","contentUrl":"https:\/\/www.vegalsa.es\/wp-content\/uploads\/2026\/01\/Vegalsa_blog_15.jpg","width":1080,"height":805,"caption":"Fachada de un supermercado Familia del grupo Vegalsa-Eroski."},{"@type":"BreadcrumbList","@id":"https:\/\/www.vegalsa.es\/gl\/vegalsa-eroski-apaga-la-luz-un-ano-mas-por-la-sostenibilidad-ambiental\/#breadcrumb","itemListElement":[{"@type":"ListItem","position":1,"name":"Inicio","item":"https:\/\/www.vegalsa.es\/gl\/"},{"@type":"ListItem","position":2,"name":"Solidariedade","item":"https:\/\/www.vegalsa.es\/gl\/actualidad\/solidariedade\/"},{"@type":"ListItem","position":3,"name":"Vegalsa-Eroski apaga la luz un a\u00f1o m\u00e1s por la sostenibilidad ambiental"}]},{"@type":"WebSite","@id":"https:\/\/www.vegalsa.es\/gl\/#website","url":"https:\/\/www.vegalsa.es\/gl\/","name":"Vegalsa Eroski","description":"Compa\u00f1\u00eda gallega de distribuci\u00f3n alimentaria, con m\u00e1s de 280 establecimientos bajo las ense\u00f1as Eroski, Familia y Cash Record en Galicia, Asturias y Castilla y Le\u00f3n.","publisher":{"@id":"https:\/\/www.vegalsa.es\/gl\/#organization"},"potentialAction":[{"@type":"SearchAction","target":{"@type":"EntryPoint","urlTemplate":"https:\/\/www.vegalsa.es\/gl\/?s={search_term_string}"},"query-input":{"@type":"PropertyValueSpecification","valueRequired":true,"valueName":"search_term_string"}}],"inLanguage":"gl-ES"},{"@type":"Organization","@id":"https:\/\/www.vegalsa.es\/gl\/#organization","name":"Vegalsa Eroski","url":"https:\/\/www.vegalsa.es\/gl\/","logo":{"@type":"ImageObject","inLanguage":"gl-ES","@id":"https:\/\/www.vegalsa.es\/gl\/#\/schema\/logo\/image\/","url":"https:\/\/www.vegalsa.es\/wp-content\/uploads\/2025\/12\/logo-vegalsa-color_web.svg","contentUrl":"https:\/\/www.vegalsa.es\/wp-content\/uploads\/2025\/12\/logo-vegalsa-color_web.svg","width":1,"height":1,"caption":"Vegalsa Eroski"},"image":{"@id":"https:\/\/www.vegalsa.es\/gl\/#\/schema\/logo\/image\/"},"sameAs":["https:\/\/www.facebook.com\/vegalsaeroski","https:\/\/www.instagram.com\/vegalsa_eroski","https:\/\/www.linkedin.com\/company\/vegalsa\/","https:\/\/www.youtube.com\/@vegalsa-eroski"]},{"@type":"Person","@id":"https:\/\/www.vegalsa.es\/gl\/#\/schema\/person\/67c6a964c37b770a69e1bfaef9c5e8a1","name":"Comunicaci\u00f3n Vegalsa","image":{"@type":"ImageObject","inLanguage":"gl-ES","@id":"https:\/\/secure.gravatar.com\/avatar\/c969e937a2134347da246a3ffe5f59ac2236a6155649dc80a73494ae6eac694a?s=96&d=mm&r=g","url":"https:\/\/secure.gravatar.com\/avatar\/c969e937a2134347da246a3ffe5f59ac2236a6155649dc80a73494ae6eac694a?s=96&d=mm&r=g","contentUrl":"https:\/\/secure.gravatar.com\/avatar\/c969e937a2134347da246a3ffe5f59ac2236a6155649dc80a73494ae6eac694a?s=96&d=mm&r=g","caption":"Comunicaci\u00f3n Vegalsa"},"sameAs":["https:\/\/www.vegalsa.es"],"url":"https:\/\/www.vegalsa.es\/gl\/author\/comunicacion\/"}]}},"_links":{"self":[{"href":"https:\/\/www.vegalsa.es\/gl\/wp-json\/wp\/v2\/posts\/224878","targetHints":{"allow":["GET"]}}],"collection":[{"href":"https:\/\/www.vegalsa.es\/gl\/wp-json\/wp\/v2\/posts"}],"about":[{"href":"https:\/\/www.vegalsa.es\/gl\/wp-json\/wp\/v2\/types\/post"}],"author":[{"embeddable":true,"href":"https:\/\/www.vegalsa.es\/gl\/wp-json\/wp\/v2\/users\/8"}],"replies":[{"embeddable":true,"href":"https:\/\/www.vegalsa.es\/gl\/wp-json\/wp\/v2\/comments?post=224878"}],"version-history":[{"count":2,"href":"https:\/\/www.vegalsa.es\/gl\/wp-json\/wp\/v2\/posts\/224878\/revisions"}],"predecessor-version":[{"id":224947,"href":"https:\/\/www.vegalsa.es\/gl\/wp-json\/wp\/v2\/posts\/224878\/revisions\/224947"}],"wp:featuredmedia":[{"embeddable":true,"href":"https:\/\/www.vegalsa.es\/gl\/wp-json\/wp\/v2\/media\/224879"}],"wp:attachment":[{"href":"https:\/\/www.vegalsa.es\/gl\/wp-json\/wp\/v2\/media?parent=224878"}],"wp:term":[{"taxonomy":"category","embeddable":true,"href":"https:\/\/www.vegalsa.es\/gl\/wp-json\/wp\/v2\/categories?post=224878"},{"taxonomy":"post_tag","embeddable":true,"href":"https:\/\/www.vegalsa.es\/gl\/wp-json\/wp\/v2\/tags?post=224878"}],"curies":[{"name":"wp","href":"https:\/\/api.w.org\/{rel}","templated":true}]}}